{"id":75,"date":"2020-05-12T21:42:45","date_gmt":"2020-05-12T19:42:45","guid":{"rendered":"https:\/\/modellbahnhof-gruenberg.de\/?p=75"},"modified":"2021-10-17T22:21:24","modified_gmt":"2021-10-17T20:21:24","slug":"holz-gekauft","status":"publish","type":"post","link":"https:\/\/modellbahnhof-gruenberg.de\/?p=75","title":{"rendered":"18. M\u00e4rz bis 15. April 2020 &#8211; Holz kaufen"},"content":{"rendered":"\n<p class=\"wp-block-paragraph\"><strong>18. M\u00e4rz 2020<\/strong> Die Planung ist jetzt final, die K\u00e4sten sind konstruiert. Wir haben uns als Material f\u00fcr die Modulk\u00e4sten f\u00fcr Multiplex entschieden. 12 mm f\u00fcr Kopfprofile und Seiten, 6,5 mm f\u00fcr den Deckel. Innen noch zwei Querspanten aus 9 mm. Die K\u00e4sten sollen 10 cm plus 6,5 mm hoch werden. Weniger als 10 cm schneidet der Baumarkt nicht zu. Der Zuschnitt ist durch die Nutzung einer vertikalen Plattens\u00e4ge recht ma\u00dfhaltig und vor allem winkelig.<\/p>\n\n\n\n<p class=\"wp-block-paragraph\">Es sollen 6 K\u00e4sten von 1,3 m L\u00e4nge und 60 cm Breite werden. Der 7. Kasten mit dem Abzweig nach Lollar wird nur 50 cm breit. Die Module 2, 3, 5 und 6 sind rechtwinkelige K\u00e4sten,  1, 4 und 7 abgeschr\u00e4gt. An den Enden verbauen wir F96-Profile.<\/p>\n\n\n\n<p class=\"wp-block-paragraph\">Ab in den Baumarkt, doch das Holz ist nicht vorr\u00e4tig, also wird vorbestellt. <\/p>\n\n\n\n<p class=\"wp-block-paragraph\">Am 25. M\u00e4rz ein Anruf vom Baumarkt, Bestellung wegen der Corona-Krise vorl\u00e4ufig nicht lieferbar. <\/p>\n\n\n\n<p class=\"wp-block-paragraph\">Gibt es Alternativen? <\/p>\n\n\n\n<p class=\"wp-block-paragraph\">So richtig haben uns die Angebote im Internet nicht \u00fcberzeugt. Dann am 15. April \u00fcberraschend doch noch der Anruf aus dem Baumarkt: Das Holz ist fertig zum Abholen. <\/p>\n\n\n\n<figure class=\"wp-block-image size-medium\"><img loading=\"lazy\" decoding=\"async\" width=\"225\" height=\"300\" src=\"https:\/\/modellbahnhof-gruenberg.de\/wp-content\/uploads\/2020\/05\/IMG_20200415_175357991-225x300.jpg\" alt=\"\" class=\"wp-image-140\" srcset=\"https:\/\/modellbahnhof-gruenberg.de\/wp-content\/uploads\/2020\/05\/IMG_20200415_175357991-225x300.jpg 225w, https:\/\/modellbahnhof-gruenberg.de\/wp-content\/uploads\/2020\/05\/IMG_20200415_175357991-768x1024.jpg 768w, https:\/\/modellbahnhof-gruenberg.de\/wp-content\/uploads\/2020\/05\/IMG_20200415_175357991-1152x1536.jpg 1152w, https:\/\/modellbahnhof-gruenberg.de\/wp-content\/uploads\/2020\/05\/IMG_20200415_175357991-1536x2048.jpg 1536w, https:\/\/modellbahnhof-gruenberg.de\/wp-content\/uploads\/2020\/05\/IMG_20200415_175357991-1200x1600.jpg 1200w, https:\/\/modellbahnhof-gruenberg.de\/wp-content\/uploads\/2020\/05\/IMG_20200415_175357991-scaled.jpg 1920w\" sizes=\"auto, (max-width: 225px) 85vw, 225px\" \/><\/figure>\n\n\n\n<p class=\"wp-block-paragraph\">Jetzt kann es endlich losgehen&#8230;<\/p>\n","protected":false},"excerpt":{"rendered":"<p>18. M\u00e4rz 2020 Die Planung ist jetzt final, die K\u00e4sten sind konstruiert. Wir haben uns als Material f\u00fcr die Modulk\u00e4sten f\u00fcr Multiplex entschieden. 12 mm f\u00fcr Kopfprofile und Seiten, 6,5 mm f\u00fcr den Deckel. Innen noch zwei Querspanten aus 9 mm. Die K\u00e4sten sollen 10 cm plus 6,5 mm hoch werden. Weniger als 10 cm &hellip; <a href=\"https:\/\/modellbahnhof-gruenberg.de\/?p=75\" class=\"more-link\"><span class=\"screen-reader-text\">\u201e18. M\u00e4rz bis 15. April 2020 &#8211; Holz kaufen\u201c <\/span>weiterlesen<\/a><\/p>\n","protected":false},"author":5,"featured_media":78,"comment_status":"closed","ping_status":"closed","sticky":false,"template":"","format":"standard","meta":{"_crdt_document":"","ngg_post_thumbnail":0,"footnotes":""},"categories":[7],"tags":[],"class_list":["post-75","post","type-post","status-publish","format-standard","has-post-thumbnail","hentry","category-modulbau"],"_links":{"self":[{"href":"https:\/\/modellbahnhof-gruenberg.de\/index.php?rest_route=\/wp\/v2\/posts\/75","targetHints":{"allow":["GET"]}}],"collection":[{"href":"https:\/\/modellbahnhof-gruenberg.de\/index.php?rest_route=\/wp\/v2\/posts"}],"about":[{"href":"https:\/\/modellbahnhof-gruenberg.de\/index.php?rest_route=\/wp\/v2\/types\/post"}],"author":[{"embeddable":true,"href":"https:\/\/modellbahnhof-gruenberg.de\/index.php?rest_route=\/wp\/v2\/users\/5"}],"replies":[{"embeddable":true,"href":"https:\/\/modellbahnhof-gruenberg.de\/index.php?rest_route=%2Fwp%2Fv2%2Fcomments&post=75"}],"version-history":[{"count":12,"href":"https:\/\/modellbahnhof-gruenberg.de\/index.php?rest_route=\/wp\/v2\/posts\/75\/revisions"}],"predecessor-version":[{"id":461,"href":"https:\/\/modellbahnhof-gruenberg.de\/index.php?rest_route=\/wp\/v2\/posts\/75\/revisions\/461"}],"wp:featuredmedia":[{"embeddable":true,"href":"https:\/\/modellbahnhof-gruenberg.de\/index.php?rest_route=\/wp\/v2\/media\/78"}],"wp:attachment":[{"href":"https:\/\/modellbahnhof-gruenberg.de\/index.php?rest_route=%2Fwp%2Fv2%2Fmedia&parent=75"}],"wp:term":[{"taxonomy":"category","embeddable":true,"href":"https:\/\/modellbahnhof-gruenberg.de\/index.php?rest_route=%2Fwp%2Fv2%2Fcategories&post=75"},{"taxonomy":"post_tag","embeddable":true,"href":"https:\/\/modellbahnhof-gruenberg.de\/index.php?rest_route=%2Fwp%2Fv2%2Ftags&post=75"}],"curies":[{"name":"wp","href":"https:\/\/api.w.org\/{rel}","templated":true}]}}